{"id":2196,"date":"2024-11-18T19:12:06","date_gmt":"2024-11-18T18:12:06","guid":{"rendered":"https:\/\/validata.es\/?p=2196"},"modified":"2025-03-17T19:41:58","modified_gmt":"2025-03-17T18:41:58","slug":"evita-la-perdida-de-datos-en-procesos-de-migracion-empresarial","status":"publish","type":"post","link":"https:\/\/validata.es\/index.php\/2024\/11\/18\/evita-la-perdida-de-datos-en-procesos-de-migracion-empresarial\/","title":{"rendered":"Evita la p\u00e9rdida de datos en procesos de migraci\u00f3n empresarial"},"content":{"rendered":"\t\t<div data-elementor-type=\"wp-post\" data-elementor-id=\"2196\" class=\"elementor elementor-2196\">\n\t\t\t\t<div class=\"elementor-element elementor-element-68772eae e-flex e-con-boxed e-con e-parent\" data-id=\"68772eae\" data-element_type=\"container\" data-e-type=\"container\">\n\t\t\t\t\t<div class=\"e-con-inner\">\n\t\t\t\t<div class=\"elementor-element elementor-element-c51495a elementor-widget elementor-widget-text-editor\" data-id=\"c51495a\" data-element_type=\"widget\" data-e-type=\"widget\" data-widget_type=\"text-editor.default\">\n\t\t\t\t<div class=\"elementor-widget-container\">\n\t\t\t\t\t\t\t\t\t<p><\/p>\n<p>La <strong>p\u00e9rdida de datos<\/strong> durante los <strong>procesos de migraci\u00f3n empresarial<\/strong> constituye una preocupaci\u00f3n constante para muchas organizaciones. Cuando una empresa decide cambiar de sistema, ya sea a una nueva plataforma de gesti\u00f3n, una actualizaci\u00f3n de infraestructura de TI o una migraci\u00f3n a la nube, siempre existe el riesgo inherente de perder informaci\u00f3n valiosa. Sin embargo, con una planificaci\u00f3n adecuada y la implementaci\u00f3n de pr\u00e1cticas recomendadas, es posible <strong>evitar la p\u00e9rdida de datos<\/strong> y asegurar una migraci\u00f3n exitosa.<\/p>\n<p><\/p>\n<p>En este art\u00edculo, exploraremos las estrategias fundamentales para evitar la p\u00e9rdida de datos durante el proceso de migraci\u00f3n empresarial, analizando los desaf\u00edos m\u00e1s comunes y las mejores maneras de superarlos. Adem\u00e1s, se presentar\u00e1n ejemplos pr\u00e1cticos que destacan la importancia de una <a href=\"https:\/\/validata.es\/index.php\/2024\/08\/20\/como-gestionar-correctamente-la-base-de-datos-de-clientes\/\">correcta gesti\u00f3n de los datos<\/a> y c\u00f3mo cada paso contribuye a una transici\u00f3n segura y sin interrupciones.<\/p><p><br><\/p>\n<p><\/p>\n<h2 class=\"wp-block-heading\"><strong>La importancia de una planificaci\u00f3n adecuada<\/strong><\/h2><div><strong><br><\/strong><\/div>\n<p><\/p>\n<p>El primer paso para evitar la <strong>p\u00e9rdida de datos<\/strong> en una migraci\u00f3n es contar con una planificaci\u00f3n detallada. La migraci\u00f3n no debe considerarse una simple transferencia de informaci\u00f3n de un sistema a otro. Es un proceso complejo que exige la coordinaci\u00f3n de m\u00faltiples actores y una comprensi\u00f3n clara del flujo de trabajo.<\/p>\n<p><\/p>\n<p>Para planificar una migraci\u00f3n de manera efectiva, resulta esencial realizar una auditor\u00eda exhaustiva de los datos que se van a migrar. Esto implica identificar qu\u00e9 informaci\u00f3n es relevante, cu\u00e1l es redundante o est\u00e1 desactualizada, y qu\u00e9 <a href=\"https:\/\/validata.es\/index.php\/2024\/07\/19\/como-el-big-data-esta-transformando-la-gestion-de-ventas\/\">datos requieren transformaci\u00f3n<\/a> antes de ser trasladados. Tener un inventario claro reduce el riesgo de perder datos importantes y facilita la toma de decisiones durante la migraci\u00f3n.<\/p>\n<p><\/p>\n<p>Asimismo, es fundamental establecer un cronograma de migraci\u00f3n que contemple las horas de menor actividad, como durante la noche o los fines de semana, garantizando as\u00ed que la operatividad de la empresa se vea afectada m\u00ednimamente. Adem\u00e1s, contar con un plan de contingencia que contemple acciones espec\u00edficas para abordar posibles fallos es fundamental para prevenir cualquier tipo de p\u00e9rdida.<\/p><p><br><\/p>\n<p><\/p>\n<h2 class=\"wp-block-heading\"><strong>Copias de seguridad: el escudo protector<\/strong><\/h2><div><strong><br><\/strong><\/div>\n<p><\/p>\n<p>Realizar copias de seguridad es una de las mejores pr\u00e1cticas para <strong>evitar la p\u00e9rdida de datos<\/strong> durante una migraci\u00f3n. Contar con una copia de toda la informaci\u00f3n garantiza que, en caso de un error imprevisto, los datos puedan recuperarse sin mayores complicaciones. Sin embargo, no basta con hacer una \u00fanica copia; se recomienda seguir el m\u00e9todo 3-2-1.<\/p>\n<p><\/p>\n<p>El m\u00e9todo 3-2-1 implica tener al menos <strong>tres copias<\/strong> de los datos: dos almacenadas en soportes diferentes y una en un lugar remoto, como la nube. De este modo, si se produce un fallo con una copia, se dispondr\u00e1 de otras alternativas. Las copias de seguridad deben probarse antes de iniciar el proceso de migraci\u00f3n para garantizar que la informaci\u00f3n pueda ser restaurada correctamente.<\/p>\n<p><\/p>\n<p>Otra recomendaci\u00f3n clave es realizar copias de seguridad incrementales durante el proceso de migraci\u00f3n. Las copias de seguridad incrementales solo respaldan los cambios realizados desde la \u00faltima copia de seguridad completa, lo que reduce el tiempo y los recursos necesarios para realizar el respaldo.<\/p>\n<p><\/p>\n<p>Esto implica respaldar los cambios realizados mientras se lleva a cabo la migraci\u00f3n, minimizando as\u00ed la posibilidad de que la informaci\u00f3n actualizada o generada durante el proceso se pierda.<\/p><p><br><\/p>\n<p><\/p>\n<h2 class=\"wp-block-heading\"><strong>Pruebas y validaci\u00f3n antes de la migraci\u00f3n<\/strong><\/h2><div><strong><br><\/strong><\/div>\n<p><\/p>\n<p>Antes de proceder con una migraci\u00f3n completa, es fundamental realizar pruebas y validaciones para <strong>evitar la p\u00e9rdida de datos<\/strong>. Estas pruebas permiten identificar problemas potenciales antes de que ocurran, evitando interrupciones innecesarias y posibles fallos que puedan dar lugar a p\u00e9rdidas de informaci\u00f3n.<\/p>\n<p><\/p>\n<p>Las pruebas iniciales suelen involucrar una peque\u00f1a muestra de datos, lo cual permite simular la migraci\u00f3n sin afectar el sistema en su totalidad. Por ejemplo, se puede seleccionar un subconjunto de registros no cr\u00edticos o informaci\u00f3n de prueba para evaluar c\u00f3mo se comporta el sistema durante la migraci\u00f3n.<\/p>\n<p><\/p>\n<p>Esta prueba piloto ayuda a verificar la integridad de los datos migrados y a garantizar que no se produzcan errores durante el proceso. Las organizaciones deben evaluar tanto la precisi\u00f3n de los datos migrados como la funcionalidad del nuevo sistema.<\/p>\n<p><\/p>\n<p>Una vez realizadas las pruebas, es importante validar los resultados para confirmar que la informaci\u00f3n se ha transferido correctamente. Esto puede incluir la verificaci\u00f3n manual de ciertos datos clave o la comparaci\u00f3n automatizada con los datos originales. La validaci\u00f3n es un paso necesario que no debe omitirse, ya que garantiza la calidad de los datos y minimiza la posibilidad de que surjan problemas durante la migraci\u00f3n definitiva.<\/p><p><br><\/p>\n<p><\/p>\n<h2 class=\"wp-block-heading\"><strong>Selecci\u00f3n de herramientas adecuadas para la migraci\u00f3n<\/strong><\/h2><div><strong><br><\/strong><\/div>\n<p><\/p>\n<p>La <strong>selecci\u00f3n de herramientas<\/strong> adecuadas es otro aspecto esencial para <strong>evitar la p\u00e9rdida de datos<\/strong>. Existen numerosas herramientas y plataformas dise\u00f1adas espec\u00edficamente para ayudar en el proceso de migraci\u00f3n, cada una con funcionalidades que pueden ajustarse a las necesidades particulares de cada empresa.<\/p>\n<p><\/p>\n<p>Al elegir la herramienta de migraci\u00f3n m\u00e1s adecuada, se deben considerar factores como la capacidad para gestionar grandes vol\u00famenes de datos, la compatibilidad con los sistemas actuales y las medidas de seguridad que ofrecen. Herramientas como AWS Data Migration Service, Azure Migrate o Google Cloud Data Transfer pueden ser muy \u00fatiles para facilitar una migraci\u00f3n segura y eficiente.<\/p>\n<p><\/p>\n<p>Estas herramientas tambi\u00e9n permiten realizar migraciones en fases, lo cual disminuye el riesgo de p\u00e9rdida de datos. Dividir el proceso en etapas m\u00e1s manejables facilita la supervisi\u00f3n y asegura que cualquier problema pueda identificarse y corregirse sin afectar el conjunto de datos completo.<\/p><p><br><\/p>\n<p><\/p>\n<h2 class=\"wp-block-heading\"><strong style=\"color: inherit; font-family: inherit; text-align: var(--text-align);\">Capacitar al personal involucrado<\/strong><\/h2><div><strong style=\"color: inherit; font-family: inherit; text-align: var(--text-align);\"><br><\/strong><\/div>\n<p><\/p>\n<p>Un factor que a menudo se subestima en los <strong>procesos de migraci\u00f3n empresarial<\/strong> es la importancia de contar con un equipo bien capacitado. Las herramientas y procesos de migraci\u00f3n pueden ser complejos, y el error humano constituye uno de los mayores riesgos de p\u00e9rdida de datos. Por ello, capacitar adecuadamente al personal involucrado es fundamental para <strong>evitar la p\u00e9rdida de datos<\/strong>.<\/p>\n<p><\/p>\n<p>La capacitaci\u00f3n debe incluir una comprensi\u00f3n profunda del proceso de migraci\u00f3n, los riesgos asociados y las mejores pr\u00e1cticas para prevenir errores. Asimismo, es importante que el equipo de TI est\u00e9 familiarizado con las herramientas que se van a utilizar y las pruebas que deben llevarse a cabo. Incluso puede ser beneficioso realizar simulaciones de migraci\u00f3n para garantizar que el personal est\u00e9 preparado para manejar cualquier eventualidad.<\/p>\n<p><\/p>\n<p>Contar con un equipo capacitado no solo contribuye a mitigar riesgos durante el proceso de migraci\u00f3n, sino que tambi\u00e9n asegura que, en caso de surgir problemas, estos puedan ser resueltos de manera r\u00e1pida y con un impacto m\u00ednimo para la organizaci\u00f3n.<\/p><p><br><\/p>\n<p><\/p>\n<h2 class=\"wp-block-heading\"><strong>Monitoreo continuo durante y despu\u00e9s de la migraci\u00f3n<\/strong><\/h2><div><strong><br><\/strong><\/div>\n<p><\/p>\n<p>El monitoreo continuo durante y despu\u00e9s del proceso de migraci\u00f3n es esencial para <strong>evitar la p\u00e9rdida de datos<\/strong> y garantizar una transici\u00f3n sin contratiempos. La supervisi\u00f3n permite identificar cualquier problema en tiempo real y actuar con rapidez para resolverlo antes de que se convierta en un inconveniente mayor.<\/p>\n<p><\/p>\n<p>Durante la migraci\u00f3n, el monitoreo debe enfocarse en la integridad de los datos, la velocidad de transferencia y cualquier error que pueda surgir. Se recomienda utilizar herramientas espec\u00edficas como Nagios, SolarWinds o Zabbix, que facilitan el seguimiento del estado del proceso y permiten la detecci\u00f3n temprana de problemas.<\/p>\n<p><\/p>\n<p>Tener una visibilidad clara de c\u00f3mo se est\u00e1 llevando a cabo el proceso ayuda a mantener el control y a asegurar que se cumplan los plazos establecidos sin comprometer la seguridad de la informaci\u00f3n.<\/p>\n<p><\/p>\n<p>Una vez completada la migraci\u00f3n, es crucial continuar monitoreando los sistemas para detectar posibles problemas derivados del cambio. El monitoreo post-migraci\u00f3n permite identificar errores en la integraci\u00f3n de los datos o problemas de compatibilidad, proporcionando la oportunidad de corregirlos antes de que afecten la operatividad diaria de la empresa.<\/p><p><br><\/p>\n<p><\/p>\n<h2 class=\"wp-block-heading\"><strong>Conclusi\u00f3n<\/strong><\/h2><div><strong><br><\/strong><\/div>\n<p><\/p>\n<p>La <strong>migraci\u00f3n empresarial<\/strong> es un proceso complejo y desafiante, pero siguiendo las mejores pr\u00e1cticas es posible <strong>evitar la p\u00e9rdida de datos<\/strong> y garantizar una transici\u00f3n segura. La planificaci\u00f3n detallada, la realizaci\u00f3n de copias de seguridad, las pruebas previas, la selecci\u00f3n de herramientas adecuadas, la capacitaci\u00f3n del personal y el monitoreo continuo son elementos esenciales para una migraci\u00f3n exitosa.<\/p>\n<p><\/p>\n<p>Si est\u00e1s planificando una migraci\u00f3n y deseas <a href=\"https:\/\/validata.es\/index.php\/2024\/09\/30\/auditoria-de-calidad-de-datos-asegura-precision-en-tu-empresa\/\">asegurar que se realice sin p\u00e9rdida de datos,<\/a> contacta con nuestro equipo de expertos. Podemos ayudarte a implementar las mejores pr\u00e1cticas y herramientas para garantizar que tus datos est\u00e9n siempre seguros.<\/p>\n<p><\/p>\t\t\t\t\t\t\t\t<\/div>\n\t\t\t\t<\/div>\n\t\t\t\t\t<\/div>\n\t\t\t\t<\/div>\n\t\t\t\t<\/div>\n\t\t","protected":false},"excerpt":{"rendered":"<p>Evita la p\u00e9rdida de datos con estrategias de respaldo y medidas proactivas para proteger informaci\u00f3n cr\u00edtica en tiempo real.<\/p>\n","protected":false},"author":4,"featured_media":2208,"comment_status":"open","ping_status":"open","sticky":false,"template":"","format":"standard","meta":{"_acf_changed":false,"footnotes":""},"categories":[32],"tags":[],"class_list":["post-2196","post","type-post","status-publish","format-standard","has-post-thumbnail","hentry","category-gestion-de-datos"],"acf":[],"yoast_head":"<!-- This site is optimized with the Yoast SEO plugin v27.5 - https:\/\/yoast.com\/product\/yoast-seo-wordpress\/ -->\n<title>Evita la p\u00e9rdida de datos en procesos de migraci\u00f3n empresarial<\/title>\n<meta name=\"description\" content=\"Evita la p\u00e9rdida de datos con estrategias de respaldo y medidas proactivas para proteger informaci\u00f3n cr\u00edtica en tiempo real.\" \/>\n<meta name=\"robots\" content=\"index, follow, max-snippet:-1, max-image-preview:large, max-video-preview:-1\" \/>\n<link rel=\"canonical\" href=\"https:\/\/validata.es\/index.php\/2024\/11\/18\/evita-la-perdida-de-datos-en-procesos-de-migracion-empresarial\/\" \/>\n<meta property=\"og:locale\" content=\"es_ES\" \/>\n<meta property=\"og:type\" content=\"article\" \/>\n<meta property=\"og:title\" content=\"Evita la p\u00e9rdida de datos en procesos de migraci\u00f3n empresarial\" \/>\n<meta property=\"og:description\" content=\"Evita la p\u00e9rdida de datos con estrategias de respaldo y medidas proactivas para proteger informaci\u00f3n cr\u00edtica en tiempo real.\" \/>\n<meta property=\"og:url\" content=\"https:\/\/validata.es\/index.php\/2024\/11\/18\/evita-la-perdida-de-datos-en-procesos-de-migracion-empresarial\/\" \/>\n<meta property=\"og:site_name\" content=\"Validata\" \/>\n<meta property=\"article:published_time\" content=\"2024-11-18T18:12:06+00:00\" \/>\n<meta property=\"article:modified_time\" content=\"2025-03-17T18:41:58+00:00\" \/>\n<meta property=\"og:image\" content=\"http:\/\/validata.es\/wp-content\/uploads\/2025\/03\/como-evitar-la-perdida-de-datos-en-procesos-de-migracion-empresarial.jpg\" \/>\n\t<meta property=\"og:image:width\" content=\"2560\" \/>\n\t<meta property=\"og:image:height\" content=\"1706\" \/>\n\t<meta property=\"og:image:type\" content=\"image\/jpeg\" \/>\n<meta name=\"author\" content=\"Lorena Correa\" \/>\n<meta name=\"twitter:card\" content=\"summary_large_image\" \/>\n<meta name=\"twitter:label1\" content=\"Escrito por\" \/>\n\t<meta name=\"twitter:data1\" content=\"Lorena Correa\" \/>\n\t<meta name=\"twitter:label2\" content=\"Tiempo de lectura\" \/>\n\t<meta name=\"twitter:data2\" content=\"7 minutos\" \/>\n<script type=\"application\/ld+json\" class=\"yoast-schema-graph\">{\"@context\":\"https:\\\/\\\/schema.org\",\"@graph\":[{\"@type\":\"Article\",\"@id\":\"https:\\\/\\\/validata.es\\\/index.php\\\/2024\\\/11\\\/18\\\/evita-la-perdida-de-datos-en-procesos-de-migracion-empresarial\\\/#article\",\"isPartOf\":{\"@id\":\"https:\\\/\\\/validata.es\\\/index.php\\\/2024\\\/11\\\/18\\\/evita-la-perdida-de-datos-en-procesos-de-migracion-empresarial\\\/\"},\"author\":{\"name\":\"Lorena Correa\",\"@id\":\"https:\\\/\\\/validata.es\\\/#\\\/schema\\\/person\\\/891851342d2dc7b3f6fc5073dff2ca63\"},\"headline\":\"Evita la p\u00e9rdida de datos en procesos de migraci\u00f3n empresarial\",\"datePublished\":\"2024-11-18T18:12:06+00:00\",\"dateModified\":\"2025-03-17T18:41:58+00:00\",\"mainEntityOfPage\":{\"@id\":\"https:\\\/\\\/validata.es\\\/index.php\\\/2024\\\/11\\\/18\\\/evita-la-perdida-de-datos-en-procesos-de-migracion-empresarial\\\/\"},\"wordCount\":1473,\"commentCount\":0,\"publisher\":{\"@id\":\"https:\\\/\\\/validata.es\\\/#organization\"},\"image\":{\"@id\":\"https:\\\/\\\/validata.es\\\/index.php\\\/2024\\\/11\\\/18\\\/evita-la-perdida-de-datos-en-procesos-de-migracion-empresarial\\\/#primaryimage\"},\"thumbnailUrl\":\"https:\\\/\\\/validata.es\\\/wp-content\\\/uploads\\\/2025\\\/03\\\/como-evitar-la-perdida-de-datos-en-procesos-de-migracion-empresarial.jpg\",\"articleSection\":[\"Gesti\u00f3n de datos\"],\"inLanguage\":\"es\",\"potentialAction\":[{\"@type\":\"CommentAction\",\"name\":\"Comment\",\"target\":[\"https:\\\/\\\/validata.es\\\/index.php\\\/2024\\\/11\\\/18\\\/evita-la-perdida-de-datos-en-procesos-de-migracion-empresarial\\\/#respond\"]}]},{\"@type\":\"WebPage\",\"@id\":\"https:\\\/\\\/validata.es\\\/index.php\\\/2024\\\/11\\\/18\\\/evita-la-perdida-de-datos-en-procesos-de-migracion-empresarial\\\/\",\"url\":\"https:\\\/\\\/validata.es\\\/index.php\\\/2024\\\/11\\\/18\\\/evita-la-perdida-de-datos-en-procesos-de-migracion-empresarial\\\/\",\"name\":\"Evita la p\u00e9rdida de datos en procesos de migraci\u00f3n empresarial\",\"isPartOf\":{\"@id\":\"https:\\\/\\\/validata.es\\\/#website\"},\"primaryImageOfPage\":{\"@id\":\"https:\\\/\\\/validata.es\\\/index.php\\\/2024\\\/11\\\/18\\\/evita-la-perdida-de-datos-en-procesos-de-migracion-empresarial\\\/#primaryimage\"},\"image\":{\"@id\":\"https:\\\/\\\/validata.es\\\/index.php\\\/2024\\\/11\\\/18\\\/evita-la-perdida-de-datos-en-procesos-de-migracion-empresarial\\\/#primaryimage\"},\"thumbnailUrl\":\"https:\\\/\\\/validata.es\\\/wp-content\\\/uploads\\\/2025\\\/03\\\/como-evitar-la-perdida-de-datos-en-procesos-de-migracion-empresarial.jpg\",\"datePublished\":\"2024-11-18T18:12:06+00:00\",\"dateModified\":\"2025-03-17T18:41:58+00:00\",\"description\":\"Evita la p\u00e9rdida de datos con estrategias de respaldo y medidas proactivas para proteger informaci\u00f3n cr\u00edtica en tiempo real.\",\"breadcrumb\":{\"@id\":\"https:\\\/\\\/validata.es\\\/index.php\\\/2024\\\/11\\\/18\\\/evita-la-perdida-de-datos-en-procesos-de-migracion-empresarial\\\/#breadcrumb\"},\"inLanguage\":\"es\",\"potentialAction\":[{\"@type\":\"ReadAction\",\"target\":[\"https:\\\/\\\/validata.es\\\/index.php\\\/2024\\\/11\\\/18\\\/evita-la-perdida-de-datos-en-procesos-de-migracion-empresarial\\\/\"]}]},{\"@type\":\"ImageObject\",\"inLanguage\":\"es\",\"@id\":\"https:\\\/\\\/validata.es\\\/index.php\\\/2024\\\/11\\\/18\\\/evita-la-perdida-de-datos-en-procesos-de-migracion-empresarial\\\/#primaryimage\",\"url\":\"https:\\\/\\\/validata.es\\\/wp-content\\\/uploads\\\/2025\\\/03\\\/como-evitar-la-perdida-de-datos-en-procesos-de-migracion-empresarial.jpg\",\"contentUrl\":\"https:\\\/\\\/validata.es\\\/wp-content\\\/uploads\\\/2025\\\/03\\\/como-evitar-la-perdida-de-datos-en-procesos-de-migracion-empresarial.jpg\",\"width\":2560,\"height\":1706,\"caption\":\"Evitar la p\u00e9rdida de datos en procesos de migraci\u00f3n empresarial\"},{\"@type\":\"BreadcrumbList\",\"@id\":\"https:\\\/\\\/validata.es\\\/index.php\\\/2024\\\/11\\\/18\\\/evita-la-perdida-de-datos-en-procesos-de-migracion-empresarial\\\/#breadcrumb\",\"itemListElement\":[{\"@type\":\"ListItem\",\"position\":1,\"name\":\"Portada\",\"item\":\"https:\\\/\\\/validata.es\\\/\"},{\"@type\":\"ListItem\",\"position\":2,\"name\":\"Evita la p\u00e9rdida de datos en procesos de migraci\u00f3n empresarial\"}]},{\"@type\":\"WebSite\",\"@id\":\"https:\\\/\\\/validata.es\\\/#website\",\"url\":\"https:\\\/\\\/validata.es\\\/\",\"name\":\"Validata\",\"description\":\"Validata ofrece servicios especializados en limpieza y enriquecimiento de bases de datos B2B, ayudando a tu equipo a trabajar con datos precisos y actualizados.\",\"publisher\":{\"@id\":\"https:\\\/\\\/validata.es\\\/#organization\"},\"potentialAction\":[{\"@type\":\"SearchAction\",\"target\":{\"@type\":\"EntryPoint\",\"urlTemplate\":\"https:\\\/\\\/validata.es\\\/?s={search_term_string}\"},\"query-input\":{\"@type\":\"PropertyValueSpecification\",\"valueRequired\":true,\"valueName\":\"search_term_string\"}}],\"inLanguage\":\"es\"},{\"@type\":\"Organization\",\"@id\":\"https:\\\/\\\/validata.es\\\/#organization\",\"name\":\"Validata\",\"url\":\"https:\\\/\\\/validata.es\\\/\",\"logo\":{\"@type\":\"ImageObject\",\"inLanguage\":\"es\",\"@id\":\"https:\\\/\\\/validata.es\\\/#\\\/schema\\\/logo\\\/image\\\/\",\"url\":\"http:\\\/\\\/validata.es\\\/wp-content\\\/uploads\\\/2024\\\/09\\\/apple-icon.png\",\"contentUrl\":\"http:\\\/\\\/validata.es\\\/wp-content\\\/uploads\\\/2024\\\/09\\\/apple-icon.png\",\"width\":192,\"height\":192,\"caption\":\"Validata\"},\"image\":{\"@id\":\"https:\\\/\\\/validata.es\\\/#\\\/schema\\\/logo\\\/image\\\/\"},\"sameAs\":[\"https:\\\/\\\/www.linkedin.com\\\/showcase\\\/validata-product-feature\\\/about\\\/\"]},{\"@type\":\"Person\",\"@id\":\"https:\\\/\\\/validata.es\\\/#\\\/schema\\\/person\\\/891851342d2dc7b3f6fc5073dff2ca63\",\"name\":\"Lorena Correa\",\"image\":{\"@type\":\"ImageObject\",\"inLanguage\":\"es\",\"@id\":\"https:\\\/\\\/secure.gravatar.com\\\/avatar\\\/cbc00dd21effe04b9ccf01e5a1f9ee910c92521ce7549cd56f2359f4640b5797?s=96&d=mm&r=g\",\"url\":\"https:\\\/\\\/secure.gravatar.com\\\/avatar\\\/cbc00dd21effe04b9ccf01e5a1f9ee910c92521ce7549cd56f2359f4640b5797?s=96&d=mm&r=g\",\"contentUrl\":\"https:\\\/\\\/secure.gravatar.com\\\/avatar\\\/cbc00dd21effe04b9ccf01e5a1f9ee910c92521ce7549cd56f2359f4640b5797?s=96&d=mm&r=g\",\"caption\":\"Lorena Correa\"},\"sameAs\":[\"http:\\\/\\\/validata\",\"https:\\\/\\\/www.linkedin.com\\\/in\\\/loremarcelaa\\\/\"],\"url\":\"https:\\\/\\\/validata.es\\\/index.php\\\/author\\\/lorena\\\/\"}]}<\/script>\n<!-- \/ Yoast SEO plugin. -->","yoast_head_json":{"title":"Evita la p\u00e9rdida de datos en procesos de migraci\u00f3n empresarial","description":"Evita la p\u00e9rdida de datos con estrategias de respaldo y medidas proactivas para proteger informaci\u00f3n cr\u00edtica en tiempo real.","robots":{"index":"index","follow":"follow","max-snippet":"max-snippet:-1","max-image-preview":"max-image-preview:large","max-video-preview":"max-video-preview:-1"},"canonical":"https:\/\/validata.es\/index.php\/2024\/11\/18\/evita-la-perdida-de-datos-en-procesos-de-migracion-empresarial\/","og_locale":"es_ES","og_type":"article","og_title":"Evita la p\u00e9rdida de datos en procesos de migraci\u00f3n empresarial","og_description":"Evita la p\u00e9rdida de datos con estrategias de respaldo y medidas proactivas para proteger informaci\u00f3n cr\u00edtica en tiempo real.","og_url":"https:\/\/validata.es\/index.php\/2024\/11\/18\/evita-la-perdida-de-datos-en-procesos-de-migracion-empresarial\/","og_site_name":"Validata","article_published_time":"2024-11-18T18:12:06+00:00","article_modified_time":"2025-03-17T18:41:58+00:00","og_image":[{"width":2560,"height":1706,"url":"http:\/\/validata.es\/wp-content\/uploads\/2025\/03\/como-evitar-la-perdida-de-datos-en-procesos-de-migracion-empresarial.jpg","type":"image\/jpeg"}],"author":"Lorena Correa","twitter_card":"summary_large_image","twitter_misc":{"Escrito por":"Lorena Correa","Tiempo de lectura":"7 minutos"},"schema":{"@context":"https:\/\/schema.org","@graph":[{"@type":"Article","@id":"https:\/\/validata.es\/index.php\/2024\/11\/18\/evita-la-perdida-de-datos-en-procesos-de-migracion-empresarial\/#article","isPartOf":{"@id":"https:\/\/validata.es\/index.php\/2024\/11\/18\/evita-la-perdida-de-datos-en-procesos-de-migracion-empresarial\/"},"author":{"name":"Lorena Correa","@id":"https:\/\/validata.es\/#\/schema\/person\/891851342d2dc7b3f6fc5073dff2ca63"},"headline":"Evita la p\u00e9rdida de datos en procesos de migraci\u00f3n empresarial","datePublished":"2024-11-18T18:12:06+00:00","dateModified":"2025-03-17T18:41:58+00:00","mainEntityOfPage":{"@id":"https:\/\/validata.es\/index.php\/2024\/11\/18\/evita-la-perdida-de-datos-en-procesos-de-migracion-empresarial\/"},"wordCount":1473,"commentCount":0,"publisher":{"@id":"https:\/\/validata.es\/#organization"},"image":{"@id":"https:\/\/validata.es\/index.php\/2024\/11\/18\/evita-la-perdida-de-datos-en-procesos-de-migracion-empresarial\/#primaryimage"},"thumbnailUrl":"https:\/\/validata.es\/wp-content\/uploads\/2025\/03\/como-evitar-la-perdida-de-datos-en-procesos-de-migracion-empresarial.jpg","articleSection":["Gesti\u00f3n de datos"],"inLanguage":"es","potentialAction":[{"@type":"CommentAction","name":"Comment","target":["https:\/\/validata.es\/index.php\/2024\/11\/18\/evita-la-perdida-de-datos-en-procesos-de-migracion-empresarial\/#respond"]}]},{"@type":"WebPage","@id":"https:\/\/validata.es\/index.php\/2024\/11\/18\/evita-la-perdida-de-datos-en-procesos-de-migracion-empresarial\/","url":"https:\/\/validata.es\/index.php\/2024\/11\/18\/evita-la-perdida-de-datos-en-procesos-de-migracion-empresarial\/","name":"Evita la p\u00e9rdida de datos en procesos de migraci\u00f3n empresarial","isPartOf":{"@id":"https:\/\/validata.es\/#website"},"primaryImageOfPage":{"@id":"https:\/\/validata.es\/index.php\/2024\/11\/18\/evita-la-perdida-de-datos-en-procesos-de-migracion-empresarial\/#primaryimage"},"image":{"@id":"https:\/\/validata.es\/index.php\/2024\/11\/18\/evita-la-perdida-de-datos-en-procesos-de-migracion-empresarial\/#primaryimage"},"thumbnailUrl":"https:\/\/validata.es\/wp-content\/uploads\/2025\/03\/como-evitar-la-perdida-de-datos-en-procesos-de-migracion-empresarial.jpg","datePublished":"2024-11-18T18:12:06+00:00","dateModified":"2025-03-17T18:41:58+00:00","description":"Evita la p\u00e9rdida de datos con estrategias de respaldo y medidas proactivas para proteger informaci\u00f3n cr\u00edtica en tiempo real.","breadcrumb":{"@id":"https:\/\/validata.es\/index.php\/2024\/11\/18\/evita-la-perdida-de-datos-en-procesos-de-migracion-empresarial\/#breadcrumb"},"inLanguage":"es","potentialAction":[{"@type":"ReadAction","target":["https:\/\/validata.es\/index.php\/2024\/11\/18\/evita-la-perdida-de-datos-en-procesos-de-migracion-empresarial\/"]}]},{"@type":"ImageObject","inLanguage":"es","@id":"https:\/\/validata.es\/index.php\/2024\/11\/18\/evita-la-perdida-de-datos-en-procesos-de-migracion-empresarial\/#primaryimage","url":"https:\/\/validata.es\/wp-content\/uploads\/2025\/03\/como-evitar-la-perdida-de-datos-en-procesos-de-migracion-empresarial.jpg","contentUrl":"https:\/\/validata.es\/wp-content\/uploads\/2025\/03\/como-evitar-la-perdida-de-datos-en-procesos-de-migracion-empresarial.jpg","width":2560,"height":1706,"caption":"Evitar la p\u00e9rdida de datos en procesos de migraci\u00f3n empresarial"},{"@type":"BreadcrumbList","@id":"https:\/\/validata.es\/index.php\/2024\/11\/18\/evita-la-perdida-de-datos-en-procesos-de-migracion-empresarial\/#breadcrumb","itemListElement":[{"@type":"ListItem","position":1,"name":"Portada","item":"https:\/\/validata.es\/"},{"@type":"ListItem","position":2,"name":"Evita la p\u00e9rdida de datos en procesos de migraci\u00f3n empresarial"}]},{"@type":"WebSite","@id":"https:\/\/validata.es\/#website","url":"https:\/\/validata.es\/","name":"Validata","description":"Validata ofrece servicios especializados en limpieza y enriquecimiento de bases de datos B2B, ayudando a tu equipo a trabajar con datos precisos y actualizados.","publisher":{"@id":"https:\/\/validata.es\/#organization"},"potentialAction":[{"@type":"SearchAction","target":{"@type":"EntryPoint","urlTemplate":"https:\/\/validata.es\/?s={search_term_string}"},"query-input":{"@type":"PropertyValueSpecification","valueRequired":true,"valueName":"search_term_string"}}],"inLanguage":"es"},{"@type":"Organization","@id":"https:\/\/validata.es\/#organization","name":"Validata","url":"https:\/\/validata.es\/","logo":{"@type":"ImageObject","inLanguage":"es","@id":"https:\/\/validata.es\/#\/schema\/logo\/image\/","url":"http:\/\/validata.es\/wp-content\/uploads\/2024\/09\/apple-icon.png","contentUrl":"http:\/\/validata.es\/wp-content\/uploads\/2024\/09\/apple-icon.png","width":192,"height":192,"caption":"Validata"},"image":{"@id":"https:\/\/validata.es\/#\/schema\/logo\/image\/"},"sameAs":["https:\/\/www.linkedin.com\/showcase\/validata-product-feature\/about\/"]},{"@type":"Person","@id":"https:\/\/validata.es\/#\/schema\/person\/891851342d2dc7b3f6fc5073dff2ca63","name":"Lorena Correa","image":{"@type":"ImageObject","inLanguage":"es","@id":"https:\/\/secure.gravatar.com\/avatar\/cbc00dd21effe04b9ccf01e5a1f9ee910c92521ce7549cd56f2359f4640b5797?s=96&d=mm&r=g","url":"https:\/\/secure.gravatar.com\/avatar\/cbc00dd21effe04b9ccf01e5a1f9ee910c92521ce7549cd56f2359f4640b5797?s=96&d=mm&r=g","contentUrl":"https:\/\/secure.gravatar.com\/avatar\/cbc00dd21effe04b9ccf01e5a1f9ee910c92521ce7549cd56f2359f4640b5797?s=96&d=mm&r=g","caption":"Lorena Correa"},"sameAs":["http:\/\/validata","https:\/\/www.linkedin.com\/in\/loremarcelaa\/"],"url":"https:\/\/validata.es\/index.php\/author\/lorena\/"}]}},"_links":{"self":[{"href":"https:\/\/validata.es\/index.php\/wp-json\/wp\/v2\/posts\/2196","targetHints":{"allow":["GET"]}}],"collection":[{"href":"https:\/\/validata.es\/index.php\/wp-json\/wp\/v2\/posts"}],"about":[{"href":"https:\/\/validata.es\/index.php\/wp-json\/wp\/v2\/types\/post"}],"author":[{"embeddable":true,"href":"https:\/\/validata.es\/index.php\/wp-json\/wp\/v2\/users\/4"}],"replies":[{"embeddable":true,"href":"https:\/\/validata.es\/index.php\/wp-json\/wp\/v2\/comments?post=2196"}],"version-history":[{"count":5,"href":"https:\/\/validata.es\/index.php\/wp-json\/wp\/v2\/posts\/2196\/revisions"}],"predecessor-version":[{"id":2216,"href":"https:\/\/validata.es\/index.php\/wp-json\/wp\/v2\/posts\/2196\/revisions\/2216"}],"wp:featuredmedia":[{"embeddable":true,"href":"https:\/\/validata.es\/index.php\/wp-json\/wp\/v2\/media\/2208"}],"wp:attachment":[{"href":"https:\/\/validata.es\/index.php\/wp-json\/wp\/v2\/media?parent=2196"}],"wp:term":[{"taxonomy":"category","embeddable":true,"href":"https:\/\/validata.es\/index.php\/wp-json\/wp\/v2\/categories?post=2196"},{"taxonomy":"post_tag","embeddable":true,"href":"https:\/\/validata.es\/index.php\/wp-json\/wp\/v2\/tags?post=2196"}],"curies":[{"name":"wp","href":"https:\/\/api.w.org\/{rel}","templated":true}]}}